{"id":7103,"date":"2026-08-01T18:04:25","date_gmt":"2026-08-01T16:04:25","guid":{"rendered":"https:\/\/branike.com\/prirucka\/sprievodca-branike-tema\/"},"modified":"2026-08-01T18:08:41","modified_gmt":"2026-08-01T16:08:41","slug":"sprievodca-branike-tema","status":"publish","type":"kb_article","link":"https:\/\/branike.com\/prirucka\/sprievodca-branike-tema\/","title":{"rendered":"Kompletn\u00fd sprievodca: Branike t\u00e9ma (FSE)"},"content":{"rendered":"\n<p class=\"bkb-callout bkb-callout--info wp-block-paragraph\"><svg class=\"bkb-callout__icon\" width=\"22\" height=\"22\" viewBox=\"0 0 24 24\" fill=\"none\" stroke=\"currentColor\" stroke-width=\"2\" stroke-linecap=\"round\" stroke-linejoin=\"round\" aria-hidden=\"true\" focusable=\"false\"><path d=\"M3 12a9 9 0 1 0 18 0a9 9 0 0 0 -18 0\"\/><path d=\"M12 9h.01\"\/><path d=\"M11 12h1v4h1\"\/><\/svg><span>Nie ste si ist\u00ed, \u010di je tento n\u00e1vod pre v\u00e1s? Otvorte si najprv <a href=\"https:\/\/branike.com\/prirucka\/ktoru-temu-mam\/\">rozcestn\u00edk Ktor\u00fa t\u00e9mu m\u00e1m?<\/a> \u2014 zistenie trv\u00e1 p\u00e4tn\u00e1s\u0165 sek\u00fand.<\/span><\/p>\n\n\n\n<h2 class=\"wp-block-branike-heading\">1. \u010co to je a na \u010do sl\u00fa\u017ei<\/h2>\n\n\n\n<p class=\"wp-block-branike-text\"><strong>Branike t\u00e9ma je na\u0161a vlastn\u00e1 t\u00e9ma<\/strong> postaven\u00e1 na \u00faplnom editovan\u00ed webu \u2014 na tom, \u010do WordPress zaviedol ako svoj hlavn\u00fd smer. Hlavi\u010dka, p\u00e4ti\u010dka aj cel\u00e9 \u0161abl\u00f3ny s\u00fa poskladan\u00e9 z blokov v tom istom editore, v akom p\u00ed\u0161ete str\u00e1nky.<\/p>\n\n\n\n<p class=\"wp-block-branike-text\">To je cel\u00fd rozdiel oproti Blocksy. Nie je to in\u00fd vzh\u013ead \u2014 je to <strong>in\u00fd sp\u00f4sob, ak\u00fdm sa web upravuje<\/strong>. Namiesto jedn\u00e9ho okna s nastaveniami m\u00e1te editor, v ktorom kliknete priamo na to, \u010do chcete zmeni\u0165.<\/p>\n\n\n\n<p class=\"wp-block-branike-text\">Aby ste nemuseli v\u0161etko klika\u0165 ru\u010dne, t\u00e9ma k tomu prid\u00e1va vlastn\u00fa str\u00e1nku s nastaveniami. Veci, ktor\u00e9 sa nastavuj\u00fa raz a platia pre cel\u00fd web \u2014 r\u00fdchlos\u0165, logo, spr\u00e1vanie hlavi\u010dky, odznak z\u013eavy v obchode \u2014 s\u00fa tam ako prep\u00edna\u010de a polia s vysvetlivkami.<\/p>\n\n\n\n<h2 class=\"wp-block-branike-heading\">2. Pre koho a kedy<\/h2>\n\n\n\n<p class=\"wp-block-branike-text\">Branike t\u00e9ma je pre v\u00e1s, ak:<\/p>\n\n\n\n<ul class=\"wp-block-list\">\n\n<li>Chcete si <strong>hlavi\u010dku alebo p\u00e4ti\u010dku posklada\u0165 sami<\/strong>, do posledn\u00e9ho detailu.<\/li>\n\n\n<li>Potrebujete <strong>tmav\u00fd re\u017eim, ktor\u00fd sa dr\u017e\u00ed va\u0161ich farieb<\/strong> a nemus\u00edte ho kresli\u0165 druh\u00fdkr\u00e1t.<\/li>\n\n\n<li>Staviate <strong>nov\u00fd web<\/strong> a chcete za\u010da\u0165 tam, kam smeruje WordPress.<\/li>\n\n\n<li>Chcete ma\u0165 <strong>istotu \u010ditate\u013enosti<\/strong> \u2014 ka\u017ed\u00e1 paleta v t\u00e9me je premeran\u00e1 proti minimu pr\u00edstupnosti.<\/li>\n\n<\/ul>\n\n\n\n<p class=\"wp-block-branike-text\">Zosta\u0148te na <a href=\"https:\/\/branike.com\/prirucka\/sprievodca-blocksy\/\">Blocksy<\/a>, ak v\u00e1m web funguje, m\u00e1te ve\u013ea vlastn\u00e9ho CSS postaven\u00e9ho na Blocksy triedach alebo teraz nem\u00e1te priestor prejs\u0165 si po migr\u00e1cii cel\u00fd web.<\/p>\n\n\n\n<p class=\"bkb-callout bkb-callout--info wp-block-paragraph\"><svg class=\"bkb-callout__icon\" width=\"22\" height=\"22\" viewBox=\"0 0 24 24\" fill=\"none\" stroke=\"currentColor\" stroke-width=\"2\" stroke-linecap=\"round\" stroke-linejoin=\"round\" aria-hidden=\"true\" focusable=\"false\"><path d=\"M3 12a9 9 0 1 0 18 0a9 9 0 0 0 -18 0\"\/><path d=\"M12 9h.01\"\/><path d=\"M11 12h1v4h1\"\/><\/svg><span>Nechyst\u00e1me \u017eiadny term\u00edn, dokedy by ste museli prejs\u0165.<\/span><\/p>\n\n\n\n<h2 class=\"wp-block-branike-heading\">3. FSE \u2260 Blocksy \u2014 \u010do sa kam presunulo<\/h2>\n\n\n\n<p class=\"wp-block-branike-text\">Toto je jedin\u00e1 kapitola, ktor\u00fa si pre\u010d\u00edtajte cel\u00fa. V\u00e4\u010d\u0161ina ot\u00e1zok po prechode je \u201ekde je teraz to, \u010do bolo v Prisp\u00f4sobi\u0165&#8220;.<\/p>\n\n\n\n<p class=\"wp-block-branike-text\"><strong>Vzh\u013ead \u2192 Prisp\u00f4sobi\u0165 je pre\u010d.<\/strong> Nahradilo ho <strong>Vzh\u013ead \u2192 Editor<\/strong>. To nie je premenovanie tej istej obrazovky \u2014 je to in\u00fd n\u00e1stroj s inou logikou.<\/p>\n\n\n\n<figure class=\"wp-block-table\"><table><thead><tr><th>V Blocksy to bolo v\u2026<\/th><th>V Branike t\u00e9me to n\u00e1jdete v\u2026<\/th><\/tr><\/thead><tbody><tr><td>Prisp\u00f4sobi\u0165 \u2192 Hlavi\u010dka<\/td><td>Editor \u2192 <strong>\u010casti \u0161abl\u00f3ny<\/strong> \u2192 Header<\/td><\/tr><tr><td>Prisp\u00f4sobi\u0165 \u2192 P\u00e4ti\u010dka<\/td><td>Editor \u2192 <strong>\u010casti \u0161abl\u00f3ny<\/strong> \u2192 Footer<\/td><\/tr><tr><td>Prisp\u00f4sobi\u0165 \u2192 Farby<\/td><td>Editor \u2192 <strong>\u0160t\u00fdly<\/strong> (paleta)<\/td><\/tr><tr><td>Prisp\u00f4sobi\u0165 \u2192 Typografia<\/td><td>Editor \u2192 <strong>\u0160t\u00fdly<\/strong> (p\u00edsmo) alebo Nastavenia t\u00e9my \u2192 Logo a font<\/td><\/tr><tr><td>Prisp\u00f4sobi\u0165 \u2192 Blogov\u00e9 pr\u00edspevky<\/td><td>Editor \u2192 <strong>\u0160abl\u00f3ny<\/strong> \u2192 Arch\u00edv \/ \u010cl\u00e1nok<\/td><\/tr><tr><td>Prisp\u00f4sobi\u0165 \u2192 V\u00fdkon<\/td><td>Nastavenia t\u00e9my \u2192 <strong>V\u00fdkon (PageSpeed)<\/strong><\/td><\/tr><tr><td>Widgety v p\u00e4ti\u010dke<\/td><td>Bloky priamo v \u010dasti \u0161abl\u00f3ny Footer<\/td><\/tr><tr><td>Dodato\u010dn\u00e9 CSS<\/td><td>Detsk\u00e1 t\u00e9ma <strong>Branike Child<\/strong><\/td><\/tr><\/tbody><\/table><\/figure>\n\n\n\n<p class=\"wp-block-branike-text\">Tri veci, ktor\u00e9 prekvapia najviac:<\/p>\n\n\n\n<ul class=\"wp-block-list\">\n\n<li><strong>Widgety u\u017e nie s\u00fa.<\/strong> \u010co bolo widgetom v p\u00e4ti\u010dke, je teraz oby\u010dajn\u00fd blok v p\u00e4ti\u010dke. V\u00fdhoda je, \u017ee to viete posklada\u0165 presne; nev\u00fdhoda, \u017ee to treba spravi\u0165 raz ru\u010dne.<\/li>\n\n\n<li><strong>Nastavenie sa neh\u013ead\u00e1 v strome menu, ale klikom na prvok.<\/strong> Chcete zmeni\u0165 medzeru nad p\u00e4ti\u010dkou? Kliknete na p\u00e4ti\u010dku a nastav\u00edte ju v pravom paneli.<\/li>\n\n\n<li><strong>Zmena \u010dasti \u0161abl\u00f3ny plat\u00ed naraz v\u0161ade.<\/strong> Hlavi\u010dka je jedna vec pou\u017eit\u00e1 na v\u0161etk\u00fdch \u0161abl\u00f3nach. To je v\u00e4\u010d\u0161inou presne to, \u010do chcete \u2014 ale znamen\u00e1 to, \u017ee si ju neuprav\u00edte \u201elen na tejto str\u00e1nke&#8220; bez toho, aby ste si vyrobili druh\u00fa.<\/li>\n\n<\/ul>\n\n\n\n<h2 class=\"wp-block-branike-heading\">4. In\u0161tal\u00e1cia, licencia a detsk\u00e1 t\u00e9ma<\/h2>\n\n\n\n<p class=\"wp-block-branike-text\">T\u00e9mu aj jej aktualiz\u00e1cie rie\u0161i <strong>Branike HUB<\/strong>. Postup je rovnak\u00fd ako pri pluginoch: k\u013e\u00fa\u010d do HUB, potom in\u0161tal\u00e1cia.<\/p>\n\n\n\n<p class=\"wp-block-branike-text\">V zozname t\u00e9m (<strong>Vzh\u013ead \u2192 T\u00e9my<\/strong>) bud\u00fa po in\u0161tal\u00e1cii dve polo\u017eky: <strong>Branike Theme<\/strong> ako hlavn\u00e1 a <strong>Branike Child<\/strong> ako detsk\u00e1.<\/p>\n\n\n\n<p class=\"bkb-callout bkb-callout--warn wp-block-paragraph\"><svg class=\"bkb-callout__icon\" width=\"22\" height=\"22\" viewBox=\"0 0 24 24\" fill=\"none\" stroke=\"currentColor\" stroke-width=\"2\" stroke-linecap=\"round\" stroke-linejoin=\"round\" aria-hidden=\"true\" focusable=\"false\"><path d=\"M12 9v4\"\/><path d=\"M10.363 3.591l-8.106 13.534a1.914 1.914 0 0 0 1.636 2.871h16.214a1.914 1.914 0 0 0 1.636 -2.871l-8.106 -13.535a1.914 1.914 0 0 0 -3.274 0z\"\/><path d=\"M12 16h.01\"\/><\/svg><span>Pozor: aktivujte <strong>Branike Child<\/strong>, nie hlavn\u00fa t\u00e9mu. Do detskej t\u00e9my patria va\u0161e \u00fapravy \u2014 vlastn\u00e9 CSS a vlastn\u00e9 varianty \u0161t\u00fdlov. Aktualiz\u00e1cia hlavnej t\u00e9my v\u00e1m ich neprep\u00ed\u0161e. Ak je akt\u00edvna hlavn\u00e1 t\u00e9ma, prv\u00e1 aktualiz\u00e1cia va\u0161e zmeny zma\u017ee.<\/span><\/p>\n\n\n\n<h2 class=\"wp-block-branike-heading\">5. R\u00fdchly \u0161tart (3 kroky)<\/h2>\n\n\n\n<ol class=\"wp-block-list\">\n\n<li><strong>Vzh\u013ead \u2192 Editor \u2192 \u0160t\u00fdly.<\/strong> Vyberte si variantu \u0161t\u00fdlu. Nastav\u00ed paletu aj p\u00edsmo naraz a je to jedin\u00e1 zmena, ktor\u00fa c\u00edti\u0165 na celom webe.<\/li>\n\n\n<li><strong>Vzh\u013ead \u2192 Branike Theme \u2192 Logo a font.<\/strong> Nahrajte logo. Ak pl\u00e1nujete tmav\u00fd re\u017eim, nahrajte aj svetl\u00fa verziu loga do po\u013ea pre tmav\u00fd re\u017eim.<\/li>\n\n\n<li><strong>Editor \u2192 \u010casti \u0161abl\u00f3ny \u2192 Header.<\/strong> Cez <strong>Nahradi\u0165<\/strong> si vyberte jednu z hotov\u00fdch hlavi\u010diek. To ist\u00e9 pre <strong>Footer<\/strong>.<\/li>\n\n<\/ol>\n\n\n\n<p class=\"wp-block-branike-text\">Ulo\u017ete. Zvy\u0161ok je dola\u010fovanie.<\/p>\n\n\n\n<h2 class=\"wp-block-branike-heading\">6. Kde \u010do n\u00e1jdete<\/h2>\n\n\n\n<p class=\"wp-block-branike-text\">Nastavenie je rozdelen\u00e9 na <strong>dve miesta<\/strong> a oplat\u00ed sa vedie\u0165 pre\u010do:<\/p>\n\n\n\n<ul class=\"wp-block-list\">\n\n<li><strong>Vzh\u013ead \u2192 Editor<\/strong> \u2014 v\u0161etko, \u010do je vidie\u0165 a \u010do sa sklad\u00e1 z blokov: \u0161abl\u00f3ny, hlavi\u010dka, p\u00e4ti\u010dka, farby, p\u00edsmo.<\/li>\n\n\n<li><strong>Vzh\u013ead \u2192 Branike Theme<\/strong> \u2014 v\u0161etko, \u010do je prep\u00edna\u010d alebo \u010d\u00edslo a plat\u00ed pre cel\u00fd web: r\u00fdchlos\u0165, spr\u00e1vanie hlavi\u010dky, rozlo\u017eenia, nastavenia obchodu.<\/li>\n\n<\/ul>\n\n\n\n<h3 class=\"wp-block-branike-heading\">Editor: \u0161tyri veci a kedy sa ktor\u00e1 pou\u017eije<\/h3>\n\n\n\n<p class=\"wp-block-branike-text\"><strong>\u0160abl\u00f3ny<\/strong> ur\u010duj\u00fa, ako vyzer\u00e1 cel\u00fd <em>druh<\/em> str\u00e1nky. T\u00e9ma ich prin\u00e1\u0161a dvan\u00e1s\u0165: \u00favodn\u00e1 str\u00e1nka, v\u00fdpis \u010dl\u00e1nkov, detail \u010dl\u00e1nku, str\u00e1nka, str\u00e1nka na cel\u00fa \u0161\u00edrku, str\u00e1nka bez nadpisu, landing page, v\u00fdsledky vyh\u013ead\u00e1vania, str\u00e1nka 404, v\u00fdpis produktov, detail produktu a z\u00e1lo\u017en\u00e1 \u0161abl\u00f3na. \u0160abl\u00f3nu men\u00edte, ke\u010f chcete zmeni\u0165 <strong>v\u0161etky<\/strong> str\u00e1nky dan\u00e9ho druhu.<\/p>\n\n\n\n<p class=\"wp-block-branike-text\"><strong>\u010casti \u0161abl\u00f3ny<\/strong> s\u00fa kusy, ktor\u00e9 sa v \u0161abl\u00f3nach opakuj\u00fa \u2014 hlavi\u010dka, p\u00e4ti\u010dka, bo\u010dn\u00fd panel. T\u00e9ma ich prin\u00e1\u0161a sedem: be\u017en\u00e1 hlavi\u010dka, hlavi\u010dka na stred, hlavi\u010dka pre obchod, be\u017en\u00e1 p\u00e4ti\u010dka, minim\u00e1lna p\u00e4ti\u010dka a dva bo\u010dn\u00e9 panely. Men\u00edte ich, ke\u010f chcete zmeni\u0165 hlavi\u010dku alebo p\u00e4ti\u010dku naraz na celom webe.<\/p>\n\n\n\n<p class=\"wp-block-branike-text\"><strong>Vzory<\/strong> s\u00fa hotov\u00e9 kusy obsahu na vlo\u017eenie do str\u00e1nky \u2014 hero sekcie, cenn\u00edky, sekcie s uk\u00e1\u017ekami, hlavi\u010dky a p\u00e4ti\u010dky. T\u00e9ma ich prin\u00e1\u0161a 41. Vzor vlo\u017e\u00edte a \u010falej upravujete ako svoj obsah; nie je to prepojen\u00e9 s origin\u00e1lom.<\/p>\n\n\n\n<p class=\"wp-block-branike-text\"><strong>\u0160t\u00fdly<\/strong> s\u00fa farby, p\u00edsmo a medzery pre cel\u00fd web. Tu sa nastavuje paleta a tu sa prep\u00ednaj\u00fa varianty.<\/p>\n\n\n\n<h3 class=\"wp-block-branike-heading\">Varianty \u0161t\u00fdlov \u2014 najr\u00fdchlej\u0161ia cesta k in\u00e9mu vzh\u013eadu<\/h3>\n\n\n\n<p class=\"wp-block-branike-text\">T\u00e9ma prin\u00e1\u0161a <strong>36 variantov \u0161t\u00fdlu<\/strong> v \u0161tyroch skupin\u00e1ch:<\/p>\n\n\n\n<ul class=\"wp-block-list\">\n\n<li><strong>Odvetvov\u00e9 varianty<\/strong> (20) \u2014 hotov\u00e9 ladenie pre advok\u00e1tsku kancel\u00e1riu, autoservis, cestovanie, financie, fitness, gastro, kaviare\u0148, kvetin\u00e1rstvo, lek\u00e1re\u0148, m\u00f3du, reality, remesl\u00e1, stavebn\u00edctvo, technol\u00f3gie, umenie, vzdel\u00e1vanie, wellness, z\u00e1hradu, zvierat\u00e1 a z\u00e1kladn\u00fd Branike vzh\u013ead.<\/li>\n\n\n<li><strong>Palety<\/strong> (6) \u2014 samotn\u00e9 farebn\u00e9 sady, ke\u010f chcete zmeni\u0165 len farby.<\/li>\n\n\n<li><strong>Sek\u010dn\u00e9 \u0161t\u00fdly<\/strong> (6) \u2014 nie pre cel\u00fd web, ale pre <strong>jednu sekciu<\/strong>: tmav\u00e1, zna\u010dkov\u00e1, jemn\u00fd akcent, stlmen\u00e1, plocha, hero. Pou\u017eijete ich na skupinu blokov, ke\u010f m\u00e1 jedna sekcia vyzera\u0165 inak ne\u017e zvy\u0161ok str\u00e1nky.<\/li>\n\n\n<li><strong>Typografia<\/strong> (3) \u2014 samotn\u00e9 p\u00edsmov\u00e9 sady.<\/li>\n\n\n<li><strong>Tmav\u00fd re\u017eim<\/strong> \u2014 samostatn\u00e1 varianta, ktor\u00e1 sa dopo\u010d\u00edta z va\u0161ej palety.<\/li>\n\n<\/ul>\n\n\n\n<p class=\"bkb-callout bkb-callout--tip wp-block-paragraph\"><svg class=\"bkb-callout__icon\" width=\"22\" height=\"22\" viewBox=\"0 0 24 24\" fill=\"none\" stroke=\"currentColor\" stroke-width=\"2\" stroke-linecap=\"round\" stroke-linejoin=\"round\" aria-hidden=\"true\" focusable=\"false\"><path d=\"M3 12h1m8 -9v1m8 8h1m-15.4 -6.4l.7 .7m12.1 -.7l-.7 .7\"\/><path d=\"M9 16a5 5 0 1 1 6 0a3.5 3.5 0 0 0 -1 3a2 2 0 0 1 -4 0a3.5 3.5 0 0 0 -1 -3\"\/><path d=\"M9.7 17l4.6 0\"\/><\/svg><span>Tip: za\u010dnite odvetvov\u00fdm variantom, ktor\u00fd je najbli\u017e\u0161ie v\u00e1\u0161mu odboru, a a\u017e potom si v \u0148om dola\u010fte farby. U\u0161etr\u00edte hodinu klikania.<\/span><\/p>\n\n\n\n<h3 class=\"wp-block-branike-heading\">Nastavenia t\u00e9my: \u0161estn\u00e1s\u0165 sekci\u00ed<\/h3>\n\n\n\n<p class=\"wp-block-branike-text\">Na str\u00e1nke <strong>Vzh\u013ead \u2192 Branike Theme<\/strong> n\u00e1jdete v tomto porad\u00ed:<\/p>\n\n\n\n<figure class=\"wp-block-table\"><table><thead><tr><th>Sekcia<\/th><th>\u010co v nej je<\/th><\/tr><\/thead><tbody><tr><td><strong>V\u00fdkon (PageSpeed)<\/strong><\/td><td>Upratanie hlavi\u010dky str\u00e1nky, vypnutie emoji skriptu, oEmbed, XML-RPC, \u0161t\u00edhle WooCommerce assety, vyskakovacie vyh\u013ead\u00e1vanie<\/td><\/tr><tr><td><strong>Logo a font<\/strong><\/td><td>Paleta, logo, logo pre tmav\u00fd re\u017eim, p\u00edsmo webu<\/td><\/tr><tr><td><strong>Hlavi\u010dka (logo, n\u00e1zov, menu)<\/strong><\/td><td>\u0160\u00edrka hlavi\u010dky, zlom do menu tla\u010didla, farba p\u00e1su, skr\u00fdvanie pri rolovan\u00ed, \u0161\u00edrka loga, n\u00e1zov webu ved\u013ea loga, vyh\u013ead\u00e1vanie, ve\u013ekos\u0165 a hr\u00fabka p\u00edsma menu<\/td><\/tr><tr><td><strong>P\u00e4ti\u010dka<\/strong><\/td><td>Nastavenia p\u00e4ti\u010dky<\/td><\/tr><tr><td><strong>Navig\u00e1cia<\/strong><\/td><td>Spr\u00e1vanie menu a rozba\u013eovac\u00edch polo\u017eiek<\/td><\/tr><tr><td><strong>Rozlo\u017eenia obsahu<\/strong><\/td><td>\u0160\u00edrky a rozlo\u017eenia obsahu<\/td><\/tr><tr><td><strong>Formul\u00e1rov\u00e9 polia<\/strong><\/td><td>Vzh\u013ead vstupn\u00fdch pol\u00ed naprie\u010d webom<\/td><\/tr><tr><td><strong>\u010cl\u00e1nky (v\u00fdpis a detail)<\/strong><\/td><td>Ako vyzer\u00e1 blog a detail \u010dl\u00e1nku<\/td><\/tr><tr><td><strong>Obchod (v\u00fdpis produktov)<\/strong><\/td><td>Katal\u00f3g \u2014 st\u013apce, \u010do je na karte<\/td><\/tr><tr><td><strong>Obchod (odznak z\u013eavy)<\/strong><\/td><td>Vzh\u013ead a text odznaku<\/td><\/tr><tr><td><strong>Obchod (detail produktu)<\/strong><\/td><td>Rozlo\u017eenie str\u00e1nky produktu<\/td><\/tr><tr><td><strong>Podmienen\u00fd header\/footer<\/strong><\/td><td>In\u00e1 hlavi\u010dka alebo p\u00e4ti\u010dka pre vybran\u00e9 str\u00e1nky<\/td><\/tr><tr><td><strong>S\u00fabory hlavi\u010dky a p\u00e4ti\u010dky<\/strong><\/td><td>Vlastn\u00fd k\u00f3d do hlavi\u010dky a p\u00e4ti\u010dky<\/td><\/tr><tr><td><strong>Kontaktn\u00e9 \u00fadaje<\/strong><\/td><td>Telef\u00f3n, e-mail, adresa \u2014 pou\u017eij\u00fa ich hlavi\u010dky a p\u00e4ti\u010dky<\/td><\/tr><tr><td><strong>Soci\u00e1lne siete<\/strong><\/td><td>Odkazy pre ikony soci\u00e1lnych siet\u00ed<\/td><\/tr><tr><td><strong>Tla\u010didlo v hlavi\u010dke<\/strong><\/td><td>Text, odkaz a vzh\u013ead hlavn\u00e9ho tla\u010didla<\/td><\/tr><\/tbody><\/table><\/figure>\n\n\n\n<p class=\"wp-block-branike-text\">Ka\u017ed\u00e9 pole m\u00e1 <strong>vysvetlivku<\/strong>. Kliknite na ot\u00e1znik ved\u013ea n\u00e1zvu \u2014 je tam nap\u00edsan\u00e9 nielen \u010do pole rob\u00ed, ale aj kedy ho necha\u0165 pr\u00e1zdne.<\/p>\n\n\n\n<h2 class=\"wp-block-branike-heading\">7. Farby: paleta je jedin\u00e9 miesto pravdy<\/h2>\n\n\n\n<p class=\"wp-block-branike-text\">Cel\u00fd web berie farby z <strong>jednej palety<\/strong>. Nadpisy, text, tla\u010didl\u00e1, p\u00e1s v hlavi\u010dke, p\u00e4ti\u010dka aj odznak v ko\u0161\u00edku. Zmen\u00edte paletu a zmen\u00ed sa v\u0161etko naraz.<\/p>\n\n\n\n<p class=\"wp-block-branike-text\">Dve veci, ktor\u00e9 to robia in\u00fdm ne\u017e oby\u010dajn\u00e9 nastavenie farieb:<\/p>\n\n\n\n<ul class=\"wp-block-list\">\n\n<li><strong>Tmav\u00fd re\u017eim sa dopo\u010d\u00edta z palety.<\/strong> Nemus\u00edte ho nastavova\u0165 zvl\u00e1\u0161\u0165 a nem\u00f4\u017ee sa roz\u00eds\u0165 so svetl\u00fdm.<\/li>\n\n\n<li><strong>Kontrast je br\u00e1na, nie odpor\u00fa\u010danie.<\/strong> Ka\u017ed\u00e1 paleta, ktor\u00e1 je v t\u00e9me, je pred vydan\u00edm premeran\u00e1 proti minimu WCAG AA v svetlom <strong>aj<\/strong> tmavom re\u017eime. Ne\u010ditate\u013en\u00fa kombin\u00e1ciu si teda nenastav\u00edte ani omylom.<\/li>\n\n<\/ul>\n\n\n\n<p class=\"wp-block-branike-text\">Pri farbe p\u00e1su v hlavi\u010dke m\u00e1te na v\u00fdber: necha\u0165 ju <strong>z palety<\/strong> (potom sa h\u00fdbe spolu s variantom \u0161t\u00fdlu a no\u010dn\u00fa verziu si dopo\u010d\u00edta sama), alebo zvoli\u0165 <strong>vlastn\u00fa<\/strong> presn\u00fa farbu (t\u00e1 zostane, ale nevie sa prisp\u00f4sobi\u0165, tak\u017ee no\u010dn\u00fa verziu jej mus\u00edte da\u0165 sami). Farbu textu na p\u00e1se si t\u00e9ma vyber\u00e1 sama \u2014 v\u017edy t\u00fa z dvojice svetl\u00e1\/tmav\u00e1, ktor\u00e1 je \u010ditate\u013enej\u0161ia.<\/p>\n\n\n\n<p class=\"bkb-callout bkb-callout--warn wp-block-paragraph\"><svg class=\"bkb-callout__icon\" width=\"22\" height=\"22\" viewBox=\"0 0 24 24\" fill=\"none\" stroke=\"currentColor\" stroke-width=\"2\" stroke-linecap=\"round\" stroke-linejoin=\"round\" aria-hidden=\"true\" focusable=\"false\"><path d=\"M12 9v4\"\/><path d=\"M10.363 3.591l-8.106 13.534a1.914 1.914 0 0 0 1.636 2.871h16.214a1.914 1.914 0 0 0 1.636 -2.871l-8.106 -13.535a1.914 1.914 0 0 0 -3.274 0z\"\/><path d=\"M12 16h.01\"\/><\/svg><span>Pozor: ak nastav\u00edte farbu priamo v bloku, prebije paletu a zostane tam natvrdo. Pri zmene zna\u010dky ju budete h\u013eada\u0165 po celom webe. Farby nastavujte v palete.<\/span><\/p>\n\n\n\n<h2 class=\"wp-block-branike-heading\">8. Hlavi\u010dka, p\u00e4ti\u010dka a menu<\/h2>\n\n\n\n<p class=\"wp-block-branike-text\">Hlavi\u010dku a p\u00e4ti\u010dku upravujete ako obsah \u2014 kliknete do nej a sklad\u00e1te bloky. T\u00e9ma k tomu prid\u00e1va <strong>\u0161tyri vlastn\u00e9 bloky<\/strong>: menu, soci\u00e1lne siete, oblas\u0165 widgetov a st\u013apce widgetov.<\/p>\n\n\n\n<p class=\"wp-block-branike-text\">Najr\u00fdchlej\u0161ia cesta je <strong>Nahradi\u0165<\/strong>: v \u010dasti \u0161abl\u00f3ny kliknite na tla\u010didlo Nahradi\u0165 a vyberte si hotov\u00fd vzor. Hlavi\u010diek aj p\u00e4ti\u010diek je pripraven\u00fdch nieko\u013eko a l\u00ed\u0161ia sa rozlo\u017een\u00edm, nie farbami \u2014 tie si potiahnu z va\u0161ej palety.<\/p>\n\n\n\n<p class=\"wp-block-branike-text\"><strong>Zlom do menu tla\u010didla<\/strong> stoj\u00ed za vysvetlenie, lebo je to naj\u010dastej\u0161ia ot\u00e1zka. WordPress \u0161tandardne zbal\u00ed menu do tla\u010didla a\u017e pri 600 pixeloch, \u010do je pre hlavi\u010dku s logom, ikonami a tla\u010didlom pri\u00fazke \u2014 medzi 600 a 1000 pixelmi sa menu zalom\u00ed do druh\u00e9ho riadka a hlavi\u010dka narastie na trojn\u00e1sobok. Preto si t\u00e9ma zlom <strong>dopo\u010d\u00edta z po\u010dtu polo\u017eiek menu<\/strong>. Nechajte pole pr\u00e1zdne a bude to fungova\u0165 samo; vypl\u0148te ho, len ke\u010f chcete zlom posun\u00fa\u0165.<\/p>\n\n\n\n<p class=\"wp-block-branike-text\">Menu tla\u010didlo pritom nemus\u00ed by\u0165 len na mobile \u2014 d\u00e1 sa zapn\u00fa\u0165 <strong>aj na po\u010d\u00edta\u010di<\/strong>, s bo\u010dn\u00fdm vys\u00favac\u00edm panelom. Hod\u00ed sa to pri ve\u013emi bohatom menu.<\/p>\n\n\n\n<p class=\"bkb-callout bkb-callout--info wp-block-paragraph\"><svg class=\"bkb-callout__icon\" width=\"22\" height=\"22\" viewBox=\"0 0 24 24\" fill=\"none\" stroke=\"currentColor\" stroke-width=\"2\" stroke-linecap=\"round\" stroke-linejoin=\"round\" aria-hidden=\"true\" focusable=\"false\"><path d=\"M3 12a9 9 0 1 0 18 0a9 9 0 0 0 -18 0\"\/><path d=\"M12 9h.01\"\/><path d=\"M11 12h1v4h1\"\/><\/svg><span>Menu s mnoh\u00fdmi polo\u017ekami m\u00e1 vlastn\u00e9 rie\u0161enie vr\u00e1tane hotov\u00fdch mega panelov. Popisuje ho <a href=\"https:\/\/branike.com\/prirucka\/menu-a-navigacia\/\">Menu a navig\u00e1cia<\/a>.<\/span><\/p>\n\n\n\n<h2 class=\"wp-block-branike-heading\">9. Prechod z Blocksy \u2014 krokov\u00fd zoznam<\/h2>\n\n\n\n<p class=\"wp-block-branike-text\">T\u00e9ma na to m\u00e1 vlastn\u00fa obrazovku: <strong>Migr\u00e1cia na Branike<\/strong>. N\u00e1jdete ju v Branike HUB, pr\u00edpadne pod Vzh\u013eadom.<\/p>\n\n\n\n<p class=\"bkb-callout bkb-callout--info wp-block-paragraph\"><svg class=\"bkb-callout__icon\" width=\"22\" height=\"22\" viewBox=\"0 0 24 24\" fill=\"none\" stroke=\"currentColor\" stroke-width=\"2\" stroke-linecap=\"round\" stroke-linejoin=\"round\" aria-hidden=\"true\" focusable=\"false\"><path d=\"M3 12a9 9 0 1 0 18 0a9 9 0 0 0 -18 0\"\/><path d=\"M12 9h.01\"\/><path d=\"M11 12h1v4h1\"\/><\/svg><span>T\u00e1to obrazovka <strong>ni\u010d nemen\u00ed sama od seba.<\/strong> Len \u010d\u00edta a ukazuje. Po zlej sk\u00fasenosti sme z nej odstr\u00e1nili v\u0161etky automatick\u00e9 z\u00e1pisy \u2014 rozhodnutia zost\u00e1vaj\u00fa na v\u00e1s.<\/span><\/p>\n\n\n\n<p class=\"wp-block-branike-text\">\u010co na nej je:<\/p>\n\n\n\n<ol class=\"wp-block-list\">\n\n<li><strong>Farby.<\/strong> Ak sa d\u00e1, vytiahne farby z v\u00e1\u0161ho p\u00f4vodn\u00e9ho nastavenia a uk\u00e1\u017ee ich ako referenciu pri nastavovan\u00ed palety.<\/li>\n\n\n<li><strong>Hlavi\u010dka a p\u00e4ti\u010dka.<\/strong> V Editore otvorte \u010dasti \u0161abl\u00f3ny a cez Nahradi\u0165 si vyberte pripraven\u00fd vzor.<\/li>\n\n\n<li><strong>Menu.<\/strong> Prira\u010fte svoje menu do naviga\u010dn\u00fdch blokov v hlavi\u010dke a p\u00e4ti\u010dke.<\/li>\n\n\n<li><strong>\u00davodn\u00e1 str\u00e1nka.<\/strong> Nastavte statick\u00fa \u00favodn\u00fa str\u00e1nku a sekcie poskladajte zo vzorov.<\/li>\n\n\n<li><strong>Widgety \u2192 bloky.<\/strong> Widgetov\u00e9 oblasti sa <strong>nepren\u00e1\u0161aj\u00fa.<\/strong> \u010co ste mali v bo\u010dnom paneli a v p\u00e4ti\u010dke, posklad\u00e1te nanovo ako bloky.<\/li>\n\n\n<li><strong>\u0160abl\u00f3ny na \u00farovni str\u00e1nky.<\/strong> Prejdite k\u013e\u00fa\u010dov\u00e9 str\u00e1nky a prira\u010fte im \u0161abl\u00f3nu tam, kde treba \u2014 cel\u00e1 \u0161\u00edrka, bez nadpisu, landing.<\/li>\n\n\n<li><strong>Kontrola.<\/strong> \u00davodn\u00e1 str\u00e1nka, obchod, jeden produkt, mobil. Potom meranie r\u00fdchlosti a prep\u00edna\u010d tmav\u00e9ho re\u017eimu.<\/li>\n\n<\/ol>\n\n\n\n<p class=\"wp-block-branike-text\">\ud83d\udd34 <strong>Migr\u00e1ciu robte na k\u00f3pii webu, nie na\u017eivo.<\/strong> Widgety, nastavenia t\u00e9my a obsahov\u00e9 bloky z p\u00f4vodnej t\u00e9my sa neprenes\u00fa a budete ich sklada\u0165 nanovo. Na k\u00f3pii v\u00e1s to ni\u010d nestoj\u00ed; na\u017eivo to vidia z\u00e1kazn\u00edci.<\/p>\n\n\n\n<h2 class=\"wp-block-branike-heading\">10. Pre\u010do \u201ezmena nezaberie&#8220; \u2014 a \u010do s t\u00fdm<\/h2>\n\n\n\n<p class=\"wp-block-branike-text\">Toto je naj\u010dastej\u0161\u00ed zm\u00e4tok v FSE a m\u00e1 jednoduch\u00fa pr\u00ed\u010dinu.<\/p>\n\n\n\n<p class=\"wp-block-branike-text\">Ke\u010f v Editore nie\u010do zmen\u00edte, <strong>ulo\u017e\u00ed sa to do datab\u00e1zy<\/strong> ako va\u0161e glob\u00e1lne \u0161t\u00fdly. Tie maj\u00fa <strong>prednos\u0165 pred t\u00fdm, \u010do je nap\u00edsan\u00e9 v s\u00faboroch t\u00e9my.<\/strong> Je to spr\u00e1vne \u2014 va\u0161e rozhodnutie m\u00e1 vyhra\u0165 nad v\u00fdrobn\u00fdm nastaven\u00edm. Ale znamen\u00e1 to dve veci:<\/p>\n\n\n\n<ul class=\"wp-block-list\">\n\n<li>Ke\u010f v t\u00e9me pribudne nov\u00e9 v\u00fdrobn\u00e9 nastavenie, na va\u0161om webe sa nemus\u00ed prejavi\u0165 \u2014 preb\u00edja ho va\u0161e ulo\u017een\u00e9.<\/li>\n\n\n<li>Po migr\u00e1cii z inej t\u00e9my m\u00f4\u017eu v datab\u00e1ze zosta\u0165 star\u00e9 ulo\u017een\u00e9 \u0161t\u00fdly a \u0165aha\u0165 web sp\u00e4\u0165.<\/li>\n\n<\/ul>\n\n\n\n<p class=\"wp-block-branike-text\">Ako sa z toho dostanete: v <strong>Editore \u2192 \u0160t\u00fdly<\/strong> pou\u017eite n\u00e1vrat k p\u00f4vodn\u00e9mu nastaveniu (rev\u00edzie \u0161t\u00fdlov, pr\u00edpadne obnovenie na predvolen\u00e9). To zma\u017ee va\u0161u ulo\u017een\u00fa vrstvu a t\u00e9ma sa vr\u00e1ti k tomu, \u010do m\u00e1 v s\u00faboroch.<\/p>\n\n\n\n<p class=\"wp-block-branike-text\">Podobne to plat\u00ed pre \u0161abl\u00f3ny. Ke\u010f \u0161abl\u00f3nu uprav\u00edte, WordPress si sprav\u00ed <strong>vlastn\u00fa k\u00f3piu v datab\u00e1ze<\/strong> a od tej chv\u00edle \u010d\u00edta ju \u2014 nie s\u00fabor v t\u00e9me. Ak teda po aktualiz\u00e1cii t\u00e9my nevid\u00edte zmenu v \u0161abl\u00f3ne, m\u00e1te na nej vlastn\u00fa \u00fapravu. V zozname \u0161abl\u00f3n je tak\u00e1 ozna\u010den\u00e1 a d\u00e1 sa vr\u00e1ti\u0165 sp\u00e4\u0165 na t\u00e9mu.<\/p>\n\n\n\n<p class=\"bkb-callout bkb-callout--info wp-block-paragraph\"><svg class=\"bkb-callout__icon\" width=\"22\" height=\"22\" viewBox=\"0 0 24 24\" fill=\"none\" stroke=\"currentColor\" stroke-width=\"2\" stroke-linecap=\"round\" stroke-linejoin=\"round\" aria-hidden=\"true\" focusable=\"false\"><path d=\"M3 12a9 9 0 1 0 18 0a9 9 0 0 0 -18 0\"\/><path d=\"M12 9h.01\"\/><path d=\"M11 12h1v4h1\"\/><\/svg><span>Toto je z\u00e1rove\u0148 odpove\u010f na ot\u00e1zku \u201epre\u010do mi vlastn\u00e9 CSS nezaber\u00e1&#8220;. Ak p\u00ed\u0161ete CSS, ktor\u00e9 m\u00e1 prebi\u0165 nastavenie z Editora, mus\u00ed by\u0165 \u0161pecifickej\u0161ie \u2014 samotn\u00e1 existencia pravidla nesta\u010d\u00ed, mus\u00ed vyhra\u0165.<\/span><\/p>\n\n\n\n<h2 class=\"wp-block-branike-heading\">11. R\u00fdchlos\u0165<\/h2>\n\n\n\n<p class=\"wp-block-branike-text\">R\u00fdchlos\u0165 nie je vec, ktor\u00fa rob\u00edte na konci. V t\u00e9me je to sekcia <strong>V\u00fdkon (PageSpeed)<\/strong> a oplat\u00ed sa jej rozumie\u0165:<\/p>\n\n\n\n<ul class=\"wp-block-list\">\n\n<li><strong>Upratanie hlavi\u010dky str\u00e1nky<\/strong> \u2014 odstr\u00e1ni odkazy, ktor\u00e9 WordPress prid\u00e1va do hlavi\u010dky a v\u00e1\u0161 web ich nepou\u017e\u00edva. Men\u0161\u00ed a \u010distej\u0161\u00ed k\u00f3d.<\/li>\n\n\n<li><strong>Vypnutie emoji skriptu<\/strong> \u2014 modern\u00e9 prehliada\u010de kreslia emoji samy. U\u0161etr\u00edte po\u017eiadavku.<\/li>\n\n\n<li><strong>Vypnutie oEmbed<\/strong> \u2014 nechajte zapnut\u00e9, pokia\u013e nepotrebujete, aby v\u00e1s vkladali in\u00e9 weby.<\/li>\n\n\n<li><strong>Vypnutie XML-RPC<\/strong> \u2014 star\u00e9 rozhranie a \u010dast\u00fd ter\u010d \u00fatokov. Vypnite, pokia\u013e ho nepotrebuje nejak\u00fd n\u00e1stroj.<\/li>\n\n\n<li><strong>\u0160t\u00edhle WooCommerce assety<\/strong> \u2014 WooCommerce inak na\u010d\u00edta svoje skripty a \u0161t\u00fdly aj na blogu a kontaktoch. Toto ich nech\u00e1va len tam, kde patria. Na obsahov\u00fdch str\u00e1nkach je to ve\u013ek\u00fd rozdiel.<\/li>\n\n\n<li><strong>Vyskakovacie vyh\u013ead\u00e1vanie<\/strong> \u2014 lupa otvor\u00ed vyh\u013ead\u00e1vanie na cel\u00fa obrazovku a na\u0161epk\u00e1va v\u00fdsledky po\u010das p\u00edsania. Skript sa na\u010d\u00edta len na str\u00e1nkach, kde vyh\u013ead\u00e1vanie naozaj je.<\/li>\n\n<\/ul>\n\n\n\n<p class=\"wp-block-branike-text\">P\u00edsma s\u00fa <strong>na va\u0161om serveri<\/strong>, nie z cudzej slu\u017eby. Je to r\u00fdchlej\u0161ie a \u010dist\u00e9 z poh\u013eadu ochrany \u00fadajov.<\/p>\n\n\n\n<h2 class=\"wp-block-branike-heading\">12. Rie\u0161enie probl\u00e9mov<\/h2>\n\n\n\n<p class=\"wp-block-branike-text\"><strong>Zmenil som farbu a ni\u010d sa nestalo.<\/strong> Blok m\u00e1 farbu nastaven\u00fa v sebe a preb\u00edja paletu. Odoberte ju z bloku.<\/p>\n\n\n\n<p class=\"wp-block-branike-text\"><strong>Upravil som \u0161abl\u00f3nu a po aktualiz\u00e1cii t\u00e9my sa ni\u010d nezmenilo.<\/strong> M\u00e1te vlastn\u00fa k\u00f3piu \u0161abl\u00f3ny v datab\u00e1ze. Vr\u00e1\u0165te ju na t\u00e9mu v zozname \u0161abl\u00f3n.<\/p>\n\n\n\n<p class=\"wp-block-branike-text\"><strong>Hlavi\u010dka sa mi na strednej \u0161\u00edrke okna zalamuje.<\/strong> Nastavte zlom do menu tla\u010didla, pr\u00edpadne nechajte pole pr\u00e1zdne a t\u00e9ma si ho dopo\u010d\u00edta.<\/p>\n\n\n\n<p class=\"wp-block-branike-text\"><strong>Logo v tmavom re\u017eime zmizlo.<\/strong> Tmav\u00e9 logo na tmavom pozad\u00ed nie je vidie\u0165. Nahrajte svetl\u00fa verziu do po\u013ea pre tmav\u00fd re\u017eim.<\/p>\n\n\n\n<p class=\"wp-block-branike-text\"><strong>Po migr\u00e1cii web vyzer\u00e1 napoly staro.<\/strong> V datab\u00e1ze zostali ulo\u017een\u00e9 \u0161t\u00fdly z p\u00f4vodnej t\u00e9my. Vr\u00e1\u0165te \u0161t\u00fdly na predvolen\u00e9 a nastavte paletu nanovo.<\/p>\n\n\n\n<p class=\"wp-block-branike-text\"><strong>Vlastn\u00e9 CSS nezaber\u00e1.<\/strong> Bu\u010f je prebit\u00e9 nastaven\u00edm z Editora, alebo ho prehliada\u010d dr\u017e\u00ed v pam\u00e4ti. Sk\u00faste anonymn\u00e9 okno; ak sa ni\u010d nezmen\u00ed, CSS pravidlo mus\u00ed by\u0165 \u0161pecifickej\u0161ie.<\/p>\n\n\n\n<p class=\"wp-block-branike-text\"><strong>Str\u00e1nka m\u00e1 dva hlavn\u00e9 nadpisy.<\/strong> Pozrite sa, \u010di nadpis nie je aj v \u0161abl\u00f3ne, aj v obsahu str\u00e1nky. Ak \u00e1no, prira\u010fte str\u00e1nke \u0161abl\u00f3nu <strong>bez nadpisu<\/strong>.<\/p>\n\n\n\n<h2 class=\"wp-block-branike-heading\">13. S\u00favisiace pluginy a integr\u00e1cie<\/h2>\n\n\n\n<ul class=\"wp-block-list\">\n\n<li><strong>Branike HUB<\/strong> \u2014 k\u013e\u00fa\u010d a aktualiz\u00e1cie t\u00e9my<\/li>\n\n\n<li><strong>Branike bloky<\/strong> \u2014 vzory a obsahov\u00e9 bloky; funguj\u00fa v oboch t\u00e9mach rovnako<\/li>\n\n\n<li><strong>Branike WooKit<\/strong> \u2014 e-shop; jeho vzh\u013ead ladia tri sekcie Obchod v nastaveniach t\u00e9my<\/li>\n\n\n<li><strong>Branike Site Manager<\/strong> \u2014 meranie r\u00fdchlosti a stav webu<\/li>\n\n<\/ul>\n\n\n\n<h2 class=\"wp-block-branike-heading\">14. \u010cast\u00e9 ot\u00e1zky<\/h2>\n\n\n\n<p class=\"wp-block-branike-text\"><strong>Mus\u00edm prejs\u0165 z Blocksy?<\/strong> Nie. \u017diadny term\u00edn nie je stanoven\u00fd.<\/p>\n\n\n\n<p class=\"wp-block-branike-text\"><strong>Pr\u00eddem o obsah?<\/strong> Nie. \u010cl\u00e1nky, str\u00e1nky, produkty aj m\u00e9di\u00e1 zost\u00e1vaj\u00fa. Neprenes\u00fa sa nastavenia t\u00e9my, widgety a obsahov\u00e9 bloky.<\/p>\n\n\n\n<p class=\"wp-block-branike-text\"><strong>Kam p\u00ed\u0161em vlastn\u00e9 CSS?<\/strong> Do detskej t\u00e9my <strong>Branike Child<\/strong>. Nie do hlavnej \u2014 t\u00fa prep\u00ed\u0161e aktualiz\u00e1cia.<\/p>\n\n\n\n<p class=\"wp-block-branike-text\"><strong>Ako zapnem tmav\u00fd re\u017eim?<\/strong> Je to varianta \u0161t\u00fdlu a dopo\u010d\u00edta sa z va\u0161ej palety. Nemus\u00edte ho kresli\u0165 druh\u00fdkr\u00e1t.<\/p>\n\n\n\n<p class=\"wp-block-branike-text\"><strong>M\u00f4\u017eem si spravi\u0165 vlastn\u00fa variantu \u0161t\u00fdlu?<\/strong> \u00c1no, patr\u00ed do detskej t\u00e9my. Pre\u017eije aktualiz\u00e1cie hlavnej t\u00e9my.<\/p>\n\n\n\n<p class=\"wp-block-branike-text\"><strong>Pre\u010do je nastavenie na dvoch miestach?<\/strong> \u010co je vidie\u0165 a sklad\u00e1 sa z blokov, patr\u00ed do Editora. \u010co je prep\u00edna\u010d platn\u00fd pre cel\u00fd web, patr\u00ed do nastaven\u00ed t\u00e9my. H\u013eada\u0165 prep\u00edna\u010d r\u00fdchlosti klikan\u00edm do str\u00e1nky by ned\u00e1valo zmysel.<\/p>\n\n\n\n<h2 class=\"wp-block-branike-heading\">15. Potrebujete pomoc?<\/h2>\n\n\n\n<p class=\"wp-block-branike-text\">Ak nie\u010do nesed\u00ed, nap\u00ed\u0161te n\u00e1m cez <a href=\"https:\/\/branike.com\/kontakt\/\">kontaktn\u00fd formul\u00e1r<\/a>. Pom\u00f4\u017ee, ke\u010f prilo\u017e\u00edte adresu str\u00e1nky a sn\u00edmku obrazovky.<\/p>\n\n\n\n<h2 class=\"wp-block-branike-heading\">S\u00favisiace n\u00e1vody<\/h2>\n\n\n\n<ul class=\"wp-block-list\">\n\n<li><a href=\"https:\/\/branike.com\/prirucka\/ktoru-temu-mam\/\">Ktor\u00fa t\u00e9mu m\u00e1m? (rozcestn\u00edk)<\/a><\/li>\n\n\n<li><a href=\"https:\/\/branike.com\/prirucka\/sprievodca-blocksy\/\">Sprievodca Blocksy<\/a><\/li>\n\n\n<li><a href=\"https:\/\/branike.com\/prirucka\/dizajn-prehlad\/\">Dizajn cez Blocksy a bloky<\/a><\/li>\n\n\n<li><a href=\"https:\/\/branike.com\/prirucka\/ako-upravit-vzhlad\/\">Ako upravi\u0165 vzh\u013ead webu<\/a><\/li>\n\n\n<li><a href=\"https:\/\/branike.com\/prirucka\/menu-a-navigacia\/\">Menu a navig\u00e1cia<\/a><\/li>\n\n<\/ul>\n","protected":false},"excerpt":{"rendered":"<p>Branike t\u00e9ma je na\u0161a vlastn\u00e1 t\u00e9ma postaven\u00e1 na \u00faplnom editovan\u00ed webu \u2014 na tom, \u010do WordPress zaviedol ako svoj hlavn\u00fd smer. Hlavi\u010dka, p\u00e4ti\u010dka aj cel\u00e9 \u0161abl\u00f3ny \u2026<\/p>\n","protected":false},"author":1,"featured_media":0,"template":"","meta":{"_bkb_access":"public","_bkb_min_tier":"basic","_bkb_teaser":"","_bkb_featured":false,"_bt_container":"","_bt_sidebar":"","_bt_show_title":"","footnotes":"","_bseo_title":"","_bseo_description":"","_bseo_noindex":"","_bseo_nofollow":"","_bseo_canonical":"","_bseo_og_title":"","_bseo_og_description":"","_bseo_og_image_id":0,"_bseo_og_image_url":"","_bseo_focus_keyword":""},"kb_category":[36],"kb_tag":[],"class_list":["post-7103","kb_article","type-kb_article","status-publish","hentry","kb_category-dizajn"],"_links":{"self":[{"href":"https:\/\/branike.com\/wp-json\/wp\/v2\/kb_article\/7103","targetHints":{"allow":["GET"]}}],"collection":[{"href":"https:\/\/branike.com\/wp-json\/wp\/v2\/kb_article"}],"about":[{"href":"https:\/\/branike.com\/wp-json\/wp\/v2\/types\/kb_article"}],"author":[{"embeddable":true,"href":"https:\/\/branike.com\/wp-json\/wp\/v2\/users\/1"}],"version-history":[{"count":2,"href":"https:\/\/branike.com\/wp-json\/wp\/v2\/kb_article\/7103\/revisions"}],"predecessor-version":[{"id":7109,"href":"https:\/\/branike.com\/wp-json\/wp\/v2\/kb_article\/7103\/revisions\/7109"}],"wp:attachment":[{"href":"https:\/\/branike.com\/wp-json\/wp\/v2\/media?parent=7103"}],"wp:term":[{"taxonomy":"kb_category","embeddable":true,"href":"https:\/\/branike.com\/wp-json\/wp\/v2\/kb_category?post=7103"},{"taxonomy":"kb_tag","embeddable":true,"href":"https:\/\/branike.com\/wp-json\/wp\/v2\/kb_tag?post=7103"}],"curies":[{"name":"wp","href":"https:\/\/api.w.org\/{rel}","templated":true}]}}